{"id":140,"date":"2022-05-28T05:19:59","date_gmt":"2022-05-28T05:19:59","guid":{"rendered":"https:\/\/blog.viskigabor.hu\/?p=140"},"modified":"2022-08-13T05:33:18","modified_gmt":"2022-08-13T05:33:18","slug":"eremszerzes-a-masters-maraton-magyar-bajnoksagon","status":"publish","type":"post","link":"https:\/\/blog.viskigabor.hu\/?p=140","title":{"rendered":"\u00c9remszerz\u00e9s a Masters Maraton Magyar Bajnoks\u00e1gon."},"content":{"rendered":"\n<p>A Masters Maraton Magyar Bajnoks\u00e1g a szokott helyen Gy\u0151rben a Mosoni-Duna holt\u00e1gban ker\u00fclt megrendez\u00e9sre. Az elm\u00falt k\u00e9t \u00e9vben a COVID korl\u00e1toz\u00e1sok miatt \u0151sszel rendezt\u00e9k, de most visszaker\u00fclt a j\u00f3l megszokott tavaszi id\u0151szakba.<\/p>\n\n\n\n<p>K\u00e9t napos verseny r\u00e9v\u00e9n, Gerg\u0151vel m\u00e1r p\u00e9ntek este meg\u00e9rkezt\u00fcnk gy\u0151ri sz\u00e1ll\u00e1sunkra, \u00edgy megsp\u00f3rolva a szombati hajnali kel\u00e9st. M\u00e9g este lefekv\u00e9s el\u0151tt megn\u00e9zt\u00fck, hogy milyen id\u0151j\u00e1r\u00e1s v\u00e1rhat\u00f3 a d\u00e9lel\u0151tt 10 \u00f3r\u00e1s rajtra. Szeles, es\u0151s id\u0151t j\u00f3soltak, ami tal\u00e1n nek\u00fcnk m\u00e9g kedvez\u0151 is lehet, mert a Nagy-Dun\u00e1n sokat edz\u00fcnk rossz, hull\u00e1mos v\u00edzfel\u00fcleten, \u00edgy valahogy tudat alatt el is van \u00fcltetve benn\u00fcnk, hogy a mostoha k\u00f6r\u00fclm\u00e9nyek nek\u00fcnk kedveznek.<\/p>\n\n\n\n<p>Reggel kel\u00e9s ut\u00e1n az ablakon kin\u00e9zve konstat\u00e1ltuk, hogy esik az es\u0151 \u00e9s ennek tudat\u00e1ban k\u00e9sz\u00fclt\u00fcnk a napra. Ahogy ki\u00e9rt\u00fcnk a p\u00e1ly\u00e1ra az es\u0151 el\u00e1llt a felh\u0151zet elkezdett felszakadozni \u00e9s a reggeli nap sugarai is megjelentek. Les\u00e9t\u00e1lva a st\u00e9gre fesz\u00edtett v\u00edzt\u00fck\u00f6r t\u00e1rult el\u00e9nk, az id\u0151 egyre melegebb lett. Mire a reggel 10 \u00f3r\u00e1s rajtunk k\u00f6vetkezett az id\u0151j\u00e1r\u00e1s meleg r\u00f6vidujjas evez\u00e9sre alkalmasra fordult.<\/p>\n\n\n<div class=\"wp-block-image\">\n<figure class=\"aligncenter size-medium\"><img loading=\"lazy\" decoding=\"async\" width=\"300\" height=\"225\" src=\"https:\/\/blog.viskigabor.hu\/wp-content\/uploads\/2022\/05\/Masters_Maraton_2022_01-300x225.jpg\" alt=\"\" class=\"wp-image-142\" srcset=\"https:\/\/blog.viskigabor.hu\/wp-content\/uploads\/2022\/05\/Masters_Maraton_2022_01-300x225.jpg 300w, https:\/\/blog.viskigabor.hu\/wp-content\/uploads\/2022\/05\/Masters_Maraton_2022_01-1024x768.jpg 1024w, https:\/\/blog.viskigabor.hu\/wp-content\/uploads\/2022\/05\/Masters_Maraton_2022_01-768x576.jpg 768w, https:\/\/blog.viskigabor.hu\/wp-content\/uploads\/2022\/05\/Masters_Maraton_2022_01-1536x1152.jpg 1536w, https:\/\/blog.viskigabor.hu\/wp-content\/uploads\/2022\/05\/Masters_Maraton_2022_01-2048x1536.jpg 2048w\" sizes=\"auto, (max-width: 300px) 100vw, 300px\" \/><figcaption><em>fesz\u00edtett v\u00edzt\u00fck\u00f6r a holt\u00e1gban<\/em><\/figcaption><\/figure>\n<\/div>\n\n\n<p>Egy er\u0151s mez\u0151ny gy\u0171lt \u00f6ssze a 35-39-es koroszt\u00e1lyban, \u00edgy kem\u00e9ny rajtot kellett venni. B\u00e1r kicsit volt kevered\u00e9s a rajtban, \u00f6ssze is \u00e9rt a haj\u00f3m az egyik ellenfelemmel, de siker\u00fclt fel\u00fclni az els\u0151 v\u00edzre \u00e9s az \u00e9lbollyal tartani. Sajnos nem sok\u00e1ig, mert m\u00e1sf\u00e9l kilom\u00e9ter ut\u00e1n, volt egy \u00fajabb iramv\u00e1lt\u00e1s, ami nekem nem esett j\u00f3l, \u00edgy le is szakadtam a vezet\u0151 bolyr\u00f3l. A t\u00e1v h\u00e1tral\u00e9v\u0151 r\u00e9sz\u00e9t, m\u00e1r egyed\u00fcl teljes\u00edtettem se el\u0151ttem se m\u00f6g\u00f6ttem nem volt senki. V\u00e9g\u00fcl az 5. helyen v\u00e9geztem, egy edz\u00e9s iramnak j\u00f3 volt, de kavarogtak bennem az \u00e9rz\u00e9sek. Ut\u00f3lag kielemezve az \u00f3r\u00e1m \u00e1ltal r\u00f6gz\u00edtett adatokat enn\u00e9l jobbat is tudok, de egyszer\u0171en most hi\u00e1nyzott a frissess\u00e9g. Gerg\u0151 a 8. helyen v\u00e9gzet \u00e9s hasonl\u00f3 \u00e9rz\u00e9seket mes\u00e9lt, b\u00e1rmit csin\u00e1lt, ma a haj\u00f3 nem ment.<\/p>\n\n\n<div class=\"wp-block-image\">\n<figure class=\"aligncenter size-medium\"><img loading=\"lazy\" decoding=\"async\" width=\"300\" height=\"225\" src=\"https:\/\/blog.viskigabor.hu\/wp-content\/uploads\/2022\/05\/Masters_Maraton_2022_02-300x225.jpg\" alt=\"\" class=\"wp-image-143\" srcset=\"https:\/\/blog.viskigabor.hu\/wp-content\/uploads\/2022\/05\/Masters_Maraton_2022_02-300x225.jpg 300w, https:\/\/blog.viskigabor.hu\/wp-content\/uploads\/2022\/05\/Masters_Maraton_2022_02-768x576.jpg 768w, https:\/\/blog.viskigabor.hu\/wp-content\/uploads\/2022\/05\/Masters_Maraton_2022_02.jpg 853w\" sizes=\"auto, (max-width: 300px) 100vw, 300px\" \/><figcaption>a <em>rajt pillanatai<\/em><\/figcaption><\/figure>\n<\/div>\n\n\n<p>M\u00e9g egy p\u00e1r \u00f3r\u00e1t a helysz\u00ednen tart\u00f3zkodtunk majd bes\u00e9t\u00e1ltunk a belv\u00e1rosba eb\u00e9delni. Gy\u0151r belv\u00e1rosi r\u00e9sze a verseny helysz\u00ednt\u0151l egy j\u00f3 15-20 perces s\u00e9t\u00e1val el\u00e9rhet\u0151. Tavaly tal\u00e1ltunk r\u00e1 egy \u00e9tteremre, ahol tradicion\u00e1lis olasz pizz\u00e1t k\u00e9sz\u00edtene. V\u00e9kony t\u00e9szta \u00e9s a f\u0171szerez\u00e9s t\u00f6k\u00e9letesen hozz\u00e1k az olasz pizz\u00e1k \u00edzvil\u00e1g\u00e1t, a teraszon \u00fclve pedig m\u00e1r-m\u00e1r Olaszorsz\u00e1gban \u00e9rezhett\u00fck magunkat.<\/p>\n\n\n\n<p>Sz\u00e1ll\u00e1sunkra vissza\u00e9rve egy kis Wellness ut\u00e1n j\u00f6tt egy d\u00e9lut\u00e1ni szieszta. Ez annyira j\u00f3 siker\u00fclt n\u00e1lam, hogy kitartott vacsor\u00e1ig.<\/p>\n\n\n\n<p>Gerg\u0151vel, \u00edgy a vas\u00e1rnapi p\u00e1ros verseny\u00fcnkre teljes m\u00e9rt\u00e9kben kipihenten \u00e9rkezt\u00fcnk. Reggel \u00f3ta \u00e9reztem a powert magamban, folyamatosan mondogattam \u201eez a p\u00e1ros most j\u00f3 lesz\u201d. M\u00e9g v\u00edzre sz\u00e1ll\u00e1s el\u0151tt Bendeg\u00faz a klubunk edz\u0151je is \u00e1tj\u00f6tt a t\u0151l\u00fcnk 400m-re a Mosoni-Dun\u00e1n zajl\u00f3 ut\u00e1np\u00f3tl\u00e1s maraton bajnoks\u00e1gr\u00f3l sok sikert k\u00edv\u00e1nni.<\/p>\n\n\n\n<p>A rajtn\u00e1l k\u00e9t mez\u0151ny sorakozott fel, mivel a 35-39-es a 40-44-es koroszt\u00e1lyt egy\u00fctt rajtoltatt\u00e1k el. A rajtunk felem\u00e1sra sikeredett kicsit beragadtunk, de m\u00e9g el tudtunk menni az \u00e9lbollyal, \u00e9s v\u00e9g\u00fcl siker\u00fclt \u00fagy helyezkedni, hogy be\u00fclt\u00fcnk b\u00f6lcs\u0151be. Ezt a poz\u00edci\u00f3t, majdnem az els\u0151 fordul\u00f3ig tudtuk is tartani. A fordul\u00f3 el\u0151tt volt egy iramv\u00e1lt\u00e1s, amit \u00e9n rosszul reag\u00e1ltam le, \u00edgy leest\u00fcnk a v\u00edzr\u0151l. Sajnos nem siker\u00fclt annyira meg\u00fajulni, hogy visszakapaszkodjunk. Gerg\u0151vel, a fordul\u00f3 ut\u00e1n gyorsan megbesz\u00e9lt\u00fck, hogy csak egy egys\u00e9g van a mi mez\u0151ny\u00fcnkb\u0151l az \u00e9lbolyban, \u00edgy jelenlegi \u00e1ll\u00e1s szerint a m\u00e1sodik helyen haladtunk, meggy\u0151z\u0151 el\u0151nnyel a 3. egys\u00e9g el\u0151tt. A verseny h\u00e1tral\u00e9v\u0151 r\u00e9sz\u00e9t zavartalanul tett\u00fck meg. A c\u00e9l az volt, hogy annak ellen\u00e9re, hogy leszakadtunk egy er\u0151s iramot menny\u00fcnk \u00e9s a legkevesebb h\u00e1tr\u00e1nyt szenvedj\u00fck el, \u00edgy re\u00e1lis k\u00e9pet kapjunk, hol is tartunk jelenleg a mez\u0151ny\u00fcnkh\u00f6z k\u00e9pest. V\u00e9g\u00fcl teljesen el\u00e9gedetten a 2. helyen v\u00e9gezt\u00fcnk a Masters Maraton Magyar Bajnoks\u00e1gon. Pozit\u00edv \u00e9lm\u00e9nyekkel sz\u00e1lltunk ki a haj\u00f3b\u00f3l, egy nagyon j\u00f3t siker\u00fclt evezni. M\u00e9g viccesen meg is jegyeztem, hogy \u201ena! nem megy\u00fcnk m\u00e9g egy k\u00f6rt?\u201d.<\/p>\n\n\n<div class=\"wp-block-image\">\n<figure class=\"aligncenter size-medium\"><img loading=\"lazy\" decoding=\"async\" width=\"300\" height=\"225\" src=\"https:\/\/blog.viskigabor.hu\/wp-content\/uploads\/2022\/05\/Masters_Maraton_2022_03-300x225.jpg\" alt=\"\" class=\"wp-image-144\" srcset=\"https:\/\/blog.viskigabor.hu\/wp-content\/uploads\/2022\/05\/Masters_Maraton_2022_03-300x225.jpg 300w, https:\/\/blog.viskigabor.hu\/wp-content\/uploads\/2022\/05\/Masters_Maraton_2022_03-1024x768.jpg 1024w, https:\/\/blog.viskigabor.hu\/wp-content\/uploads\/2022\/05\/Masters_Maraton_2022_03-768x576.jpg 768w, https:\/\/blog.viskigabor.hu\/wp-content\/uploads\/2022\/05\/Masters_Maraton_2022_03-1536x1152.jpg 1536w, https:\/\/blog.viskigabor.hu\/wp-content\/uploads\/2022\/05\/Masters_Maraton_2022_03-2048x1536.jpg 2048w\" sizes=\"auto, (max-width: 300px) 100vw, 300px\" \/><figcaption><em>a p\u00e1ros rajt pillanatai<\/em><\/figcaption><\/figure>\n<\/div>\n\n\n<p>Eredm\u00e9nyes h\u00e9t\u00e9v\u00e9g\u00e9t z\u00e1rtunk, hiszen \u00e9remmel t\u00e9rhett\u00fcnk haza, m\u00e9ghozz\u00e1 Magyar Bajnokival. Pihen\u00e9sre viszont nincs id\u0151, mert folytat\u00f3dik a Hazai Vizeken Beevez\u00e9s sorozata, \u00edgy ir\u00e1ny a Tisza-t\u00f3 Beevez\u00e9s.<\/p>\n\n\n<div class=\"wp-block-image\">\n<figure class=\"aligncenter size-medium\"><img loading=\"lazy\" decoding=\"async\" width=\"300\" height=\"300\" src=\"https:\/\/blog.viskigabor.hu\/wp-content\/uploads\/2022\/05\/Masters_Maraton_2022_07-300x300.jpg\" alt=\"\" class=\"wp-image-145\" srcset=\"https:\/\/blog.viskigabor.hu\/wp-content\/uploads\/2022\/05\/Masters_Maraton_2022_07-300x300.jpg 300w, https:\/\/blog.viskigabor.hu\/wp-content\/uploads\/2022\/05\/Masters_Maraton_2022_07-1024x1024.jpg 1024w, https:\/\/blog.viskigabor.hu\/wp-content\/uploads\/2022\/05\/Masters_Maraton_2022_07-150x150.jpg 150w, https:\/\/blog.viskigabor.hu\/wp-content\/uploads\/2022\/05\/Masters_Maraton_2022_07-768x768.jpg 768w, https:\/\/blog.viskigabor.hu\/wp-content\/uploads\/2022\/05\/Masters_Maraton_2022_07-1536x1536.jpg 1536w, https:\/\/blog.viskigabor.hu\/wp-content\/uploads\/2022\/05\/Masters_Maraton_2022_07-2048x2048.jpg 2048w\" sizes=\"auto, (max-width: 300px) 100vw, 300px\" \/><figcaption><em>ez\u00fcst \u00e9rmes apuk\u00e1k<\/em><\/figcaption><\/figure>\n<\/div>\n\n\n<figure class=\"wp-block-gallery has-nested-images columns-default is-cropped wp-block-gallery-1 is-layout-flex wp-block-gallery-is-layout-flex\">\n<figure class=\"wp-block-image size-large\"><img loading=\"lazy\" decoding=\"async\" width=\"1024\" height=\"768\" data-id=\"147\" src=\"https:\/\/blog.viskigabor.hu\/wp-content\/uploads\/2022\/05\/Masters_Maraton_2022_04-1024x768.jpeg\" alt=\"\" class=\"wp-image-147\" srcset=\"https:\/\/blog.viskigabor.hu\/wp-content\/uploads\/2022\/05\/Masters_Maraton_2022_04-1024x768.jpeg 1024w, https:\/\/blog.viskigabor.hu\/wp-content\/uploads\/2022\/05\/Masters_Maraton_2022_04-300x225.jpeg 300w, https:\/\/blog.viskigabor.hu\/wp-content\/uploads\/2022\/05\/Masters_Maraton_2022_04-768x576.jpeg 768w, https:\/\/blog.viskigabor.hu\/wp-content\/uploads\/2022\/05\/Masters_Maraton_2022_04-1536x1152.jpeg 1536w, https:\/\/blog.viskigabor.hu\/wp-content\/uploads\/2022\/05\/Masters_Maraton_2022_04-2048x1536.jpeg 2048w\" sizes=\"auto, (max-width: 1024px) 100vw, 1024px\" \/><\/figure>\n\n\n\n<figure class=\"wp-block-image size-large\"><img loading=\"lazy\" decoding=\"async\" width=\"1024\" height=\"1024\" data-id=\"146\" src=\"https:\/\/blog.viskigabor.hu\/wp-content\/uploads\/2022\/05\/Masters_Maraton_2022_05-1024x1024.jpeg\" alt=\"\" class=\"wp-image-146\" srcset=\"https:\/\/blog.viskigabor.hu\/wp-content\/uploads\/2022\/05\/Masters_Maraton_2022_05-1024x1024.jpeg 1024w, https:\/\/blog.viskigabor.hu\/wp-content\/uploads\/2022\/05\/Masters_Maraton_2022_05-300x300.jpeg 300w, https:\/\/blog.viskigabor.hu\/wp-content\/uploads\/2022\/05\/Masters_Maraton_2022_05-150x150.jpeg 150w, https:\/\/blog.viskigabor.hu\/wp-content\/uploads\/2022\/05\/Masters_Maraton_2022_05-768x768.jpeg 768w, https:\/\/blog.viskigabor.hu\/wp-content\/uploads\/2022\/05\/Masters_Maraton_2022_05-1536x1536.jpeg 1536w, https:\/\/blog.viskigabor.hu\/wp-content\/uploads\/2022\/05\/Masters_Maraton_2022_05-2048x2048.jpeg 2048w\" sizes=\"auto, (max-width: 1024px) 100vw, 1024px\" \/><\/figure>\n<\/figure>\n","protected":false},"excerpt":{"rendered":"<p>A Masters Maraton Magyar Bajnoks\u00e1g a szokott helyen Gy\u0151rben a Mosoni-Duna holt\u00e1gban ker\u00fclt megrendez\u00e9sre. Az elm\u00falt k\u00e9t \u00e9vben a COVID korl\u00e1toz\u00e1sok miatt \u0151sszel rendezt\u00e9k, de most visszaker\u00fclt a j\u00f3l megszokott tavaszi id\u0151szakba. K\u00e9t napos verseny r\u00e9v\u00e9n, Gerg\u0151vel m\u00e1r p\u00e9ntek este meg\u00e9rkezt\u00fcnk gy\u0151ri sz\u00e1ll\u00e1sunkra, \u00edgy megsp\u00f3rolva a szombati hajnali kel\u00e9st. M\u00e9g este lefekv\u00e9s el\u0151tt megn\u00e9zt\u00fck, hogy [&hellip;]<\/p>\n","protected":false},"author":1,"featured_media":147,"comment_status":"closed","ping_status":"closed","sticky":false,"template":"","format":"standard","meta":{"_monsterinsights_skip_tracking":false,"_monsterinsights_sitenote_active":false,"_monsterinsights_sitenote_note":"","_monsterinsights_sitenote_category":0,"footnotes":""},"categories":[9],"tags":[10,7,8,14,13,5,6],"class_list":["post-140","post","type-post","status-publish","format-standard","has-post-thumbnail","hentry","category-masters","tag-amatorsportolok","tag-kajak","tag-kajak-kenu-sport","tag-magyar-bajnoksag","tag-maraton","tag-masters","tag-masters-kajak"],"yoast_head":"<!-- This site is optimized with the Yoast SEO plugin v27.5 - https:\/\/yoast.com\/product\/yoast-seo-wordpress\/ -->\n<title>\u00c9remszerz\u00e9s a Masters Maraton Magyar Bajnoks\u00e1gon. - Viski G\u00e1bor Albert<\/title>\n<meta name=\"robots\" content=\"index, follow, max-snippet:-1, max-image-preview:large, max-video-preview:-1\" \/>\n<link rel=\"canonical\" href=\"https:\/\/blog.viskigabor.hu\/?p=140\" \/>\n<meta property=\"og:locale\" content=\"hu_HU\" \/>\n<meta property=\"og:type\" content=\"article\" \/>\n<meta property=\"og:title\" content=\"\u00c9remszerz\u00e9s a Masters Maraton Magyar Bajnoks\u00e1gon. - Viski G\u00e1bor Albert\" \/>\n<meta property=\"og:description\" content=\"A Masters Maraton Magyar Bajnoks\u00e1g a szokott helyen Gy\u0151rben a Mosoni-Duna holt\u00e1gban ker\u00fclt megrendez\u00e9sre. Az elm\u00falt k\u00e9t \u00e9vben a COVID korl\u00e1toz\u00e1sok miatt \u0151sszel rendezt\u00e9k, de most visszaker\u00fclt a j\u00f3l megszokott tavaszi id\u0151szakba. K\u00e9t napos verseny r\u00e9v\u00e9n, Gerg\u0151vel m\u00e1r p\u00e9ntek este meg\u00e9rkezt\u00fcnk gy\u0151ri sz\u00e1ll\u00e1sunkra, \u00edgy megsp\u00f3rolva a szombati hajnali kel\u00e9st. M\u00e9g este lefekv\u00e9s el\u0151tt megn\u00e9zt\u00fck, hogy [&hellip;]\" \/>\n<meta property=\"og:url\" content=\"https:\/\/blog.viskigabor.hu\/?p=140\" \/>\n<meta property=\"og:site_name\" content=\"Viski G\u00e1bor Albert\" \/>\n<meta property=\"article:published_time\" content=\"2022-05-28T05:19:59+00:00\" \/>\n<meta property=\"article:modified_time\" content=\"2022-08-13T05:33:18+00:00\" \/>\n<meta property=\"og:image\" content=\"https:\/\/blog.viskigabor.hu\/wp-content\/uploads\/2022\/05\/Masters_Maraton_2022_04-scaled.jpeg\" \/>\n\t<meta property=\"og:image:width\" content=\"2560\" \/>\n\t<meta property=\"og:image:height\" content=\"1920\" \/>\n\t<meta property=\"og:image:type\" content=\"image\/jpeg\" \/>\n<meta name=\"author\" content=\"viski.gabor\" \/>\n<meta name=\"twitter:card\" content=\"summary_large_image\" \/>\n<meta name=\"twitter:label1\" content=\"Szerz\u0151:\" \/>\n\t<meta name=\"twitter:data1\" content=\"viski.gabor\" \/>\n\t<meta name=\"twitter:label2\" content=\"Becs\u00fclt olvas\u00e1si id\u0151\" \/>\n\t<meta name=\"twitter:data2\" content=\"5 perc\" \/>\n<script type=\"application\/ld+json\" class=\"yoast-schema-graph\">{\"@context\":\"https:\\\/\\\/schema.org\",\"@graph\":[{\"@type\":\"Article\",\"@id\":\"https:\\\/\\\/blog.viskigabor.hu\\\/?p=140#article\",\"isPartOf\":{\"@id\":\"https:\\\/\\\/blog.viskigabor.hu\\\/?p=140\"},\"author\":{\"name\":\"viski.gabor\",\"@id\":\"https:\\\/\\\/blog.viskigabor.hu\\\/#\\\/schema\\\/person\\\/e0509c84790179b4a531483a2e5a2602\"},\"headline\":\"\u00c9remszerz\u00e9s a Masters Maraton Magyar Bajnoks\u00e1gon.\",\"datePublished\":\"2022-05-28T05:19:59+00:00\",\"dateModified\":\"2022-08-13T05:33:18+00:00\",\"mainEntityOfPage\":{\"@id\":\"https:\\\/\\\/blog.viskigabor.hu\\\/?p=140\"},\"wordCount\":915,\"image\":{\"@id\":\"https:\\\/\\\/blog.viskigabor.hu\\\/?p=140#primaryimage\"},\"thumbnailUrl\":\"https:\\\/\\\/blog.viskigabor.hu\\\/wp-content\\\/uploads\\\/2022\\\/05\\\/Masters_Maraton_2022_04-scaled.jpeg\",\"keywords\":[\"amat\u0151rsportol\u00f3k\",\"kajak\",\"Kajak Kenu Sport\",\"Magyar Bajnoks\u00e1g\",\"Maraton\",\"Masters\",\"Masters Kajak\"],\"articleSection\":[\"Masters\"],\"inLanguage\":\"hu\"},{\"@type\":\"WebPage\",\"@id\":\"https:\\\/\\\/blog.viskigabor.hu\\\/?p=140\",\"url\":\"https:\\\/\\\/blog.viskigabor.hu\\\/?p=140\",\"name\":\"\u00c9remszerz\u00e9s a Masters Maraton Magyar Bajnoks\u00e1gon. - Viski G\u00e1bor Albert\",\"isPartOf\":{\"@id\":\"https:\\\/\\\/blog.viskigabor.hu\\\/#website\"},\"primaryImageOfPage\":{\"@id\":\"https:\\\/\\\/blog.viskigabor.hu\\\/?p=140#primaryimage\"},\"image\":{\"@id\":\"https:\\\/\\\/blog.viskigabor.hu\\\/?p=140#primaryimage\"},\"thumbnailUrl\":\"https:\\\/\\\/blog.viskigabor.hu\\\/wp-content\\\/uploads\\\/2022\\\/05\\\/Masters_Maraton_2022_04-scaled.jpeg\",\"datePublished\":\"2022-05-28T05:19:59+00:00\",\"dateModified\":\"2022-08-13T05:33:18+00:00\",\"author\":{\"@id\":\"https:\\\/\\\/blog.viskigabor.hu\\\/#\\\/schema\\\/person\\\/e0509c84790179b4a531483a2e5a2602\"},\"breadcrumb\":{\"@id\":\"https:\\\/\\\/blog.viskigabor.hu\\\/?p=140#breadcrumb\"},\"inLanguage\":\"hu\",\"potentialAction\":[{\"@type\":\"ReadAction\",\"target\":[\"https:\\\/\\\/blog.viskigabor.hu\\\/?p=140\"]}]},{\"@type\":\"ImageObject\",\"inLanguage\":\"hu\",\"@id\":\"https:\\\/\\\/blog.viskigabor.hu\\\/?p=140#primaryimage\",\"url\":\"https:\\\/\\\/blog.viskigabor.hu\\\/wp-content\\\/uploads\\\/2022\\\/05\\\/Masters_Maraton_2022_04-scaled.jpeg\",\"contentUrl\":\"https:\\\/\\\/blog.viskigabor.hu\\\/wp-content\\\/uploads\\\/2022\\\/05\\\/Masters_Maraton_2022_04-scaled.jpeg\",\"width\":2560,\"height\":1920},{\"@type\":\"BreadcrumbList\",\"@id\":\"https:\\\/\\\/blog.viskigabor.hu\\\/?p=140#breadcrumb\",\"itemListElement\":[{\"@type\":\"ListItem\",\"position\":1,\"name\":\"Home\",\"item\":\"https:\\\/\\\/blog.viskigabor.hu\\\/\"},{\"@type\":\"ListItem\",\"position\":2,\"name\":\"\u00c9remszerz\u00e9s a Masters Maraton Magyar Bajnoks\u00e1gon.\"}]},{\"@type\":\"WebSite\",\"@id\":\"https:\\\/\\\/blog.viskigabor.hu\\\/#website\",\"url\":\"https:\\\/\\\/blog.viskigabor.hu\\\/\",\"name\":\"Viski G\u00e1bor Albert\",\"description\":\"kayaking is not my hobby, it\u2019s my passion!\",\"potentialAction\":[{\"@type\":\"SearchAction\",\"target\":{\"@type\":\"EntryPoint\",\"urlTemplate\":\"https:\\\/\\\/blog.viskigabor.hu\\\/?s={search_term_string}\"},\"query-input\":{\"@type\":\"PropertyValueSpecification\",\"valueRequired\":true,\"valueName\":\"search_term_string\"}}],\"inLanguage\":\"hu\"},{\"@type\":\"Person\",\"@id\":\"https:\\\/\\\/blog.viskigabor.hu\\\/#\\\/schema\\\/person\\\/e0509c84790179b4a531483a2e5a2602\",\"name\":\"viski.gabor\",\"image\":{\"@type\":\"ImageObject\",\"inLanguage\":\"hu\",\"@id\":\"https:\\\/\\\/secure.gravatar.com\\\/avatar\\\/f311dcd6888a4c4e333b177103327b6533d49348dabcd734129ba954a68d54df?s=96&d=mm&r=g\",\"url\":\"https:\\\/\\\/secure.gravatar.com\\\/avatar\\\/f311dcd6888a4c4e333b177103327b6533d49348dabcd734129ba954a68d54df?s=96&d=mm&r=g\",\"contentUrl\":\"https:\\\/\\\/secure.gravatar.com\\\/avatar\\\/f311dcd6888a4c4e333b177103327b6533d49348dabcd734129ba954a68d54df?s=96&d=mm&r=g\",\"caption\":\"viski.gabor\"},\"sameAs\":[\"https:\\\/\\\/blog.viskigabor.hu\"],\"url\":\"https:\\\/\\\/blog.viskigabor.hu\\\/?author=1\"}]}<\/script>\n<!-- \/ Yoast SEO plugin. -->","yoast_head_json":{"title":"\u00c9remszerz\u00e9s a Masters Maraton Magyar Bajnoks\u00e1gon. - Viski G\u00e1bor Albert","robots":{"index":"index","follow":"follow","max-snippet":"max-snippet:-1","max-image-preview":"max-image-preview:large","max-video-preview":"max-video-preview:-1"},"canonical":"https:\/\/blog.viskigabor.hu\/?p=140","og_locale":"hu_HU","og_type":"article","og_title":"\u00c9remszerz\u00e9s a Masters Maraton Magyar Bajnoks\u00e1gon. - Viski G\u00e1bor Albert","og_description":"A Masters Maraton Magyar Bajnoks\u00e1g a szokott helyen Gy\u0151rben a Mosoni-Duna holt\u00e1gban ker\u00fclt megrendez\u00e9sre. Az elm\u00falt k\u00e9t \u00e9vben a COVID korl\u00e1toz\u00e1sok miatt \u0151sszel rendezt\u00e9k, de most visszaker\u00fclt a j\u00f3l megszokott tavaszi id\u0151szakba. K\u00e9t napos verseny r\u00e9v\u00e9n, Gerg\u0151vel m\u00e1r p\u00e9ntek este meg\u00e9rkezt\u00fcnk gy\u0151ri sz\u00e1ll\u00e1sunkra, \u00edgy megsp\u00f3rolva a szombati hajnali kel\u00e9st. M\u00e9g este lefekv\u00e9s el\u0151tt megn\u00e9zt\u00fck, hogy [&hellip;]","og_url":"https:\/\/blog.viskigabor.hu\/?p=140","og_site_name":"Viski G\u00e1bor Albert","article_published_time":"2022-05-28T05:19:59+00:00","article_modified_time":"2022-08-13T05:33:18+00:00","og_image":[{"width":2560,"height":1920,"url":"https:\/\/blog.viskigabor.hu\/wp-content\/uploads\/2022\/05\/Masters_Maraton_2022_04-scaled.jpeg","type":"image\/jpeg"}],"author":"viski.gabor","twitter_card":"summary_large_image","twitter_misc":{"Szerz\u0151:":"viski.gabor","Becs\u00fclt olvas\u00e1si id\u0151":"5 perc"},"schema":{"@context":"https:\/\/schema.org","@graph":[{"@type":"Article","@id":"https:\/\/blog.viskigabor.hu\/?p=140#article","isPartOf":{"@id":"https:\/\/blog.viskigabor.hu\/?p=140"},"author":{"name":"viski.gabor","@id":"https:\/\/blog.viskigabor.hu\/#\/schema\/person\/e0509c84790179b4a531483a2e5a2602"},"headline":"\u00c9remszerz\u00e9s a Masters Maraton Magyar Bajnoks\u00e1gon.","datePublished":"2022-05-28T05:19:59+00:00","dateModified":"2022-08-13T05:33:18+00:00","mainEntityOfPage":{"@id":"https:\/\/blog.viskigabor.hu\/?p=140"},"wordCount":915,"image":{"@id":"https:\/\/blog.viskigabor.hu\/?p=140#primaryimage"},"thumbnailUrl":"https:\/\/blog.viskigabor.hu\/wp-content\/uploads\/2022\/05\/Masters_Maraton_2022_04-scaled.jpeg","keywords":["amat\u0151rsportol\u00f3k","kajak","Kajak Kenu Sport","Magyar Bajnoks\u00e1g","Maraton","Masters","Masters Kajak"],"articleSection":["Masters"],"inLanguage":"hu"},{"@type":"WebPage","@id":"https:\/\/blog.viskigabor.hu\/?p=140","url":"https:\/\/blog.viskigabor.hu\/?p=140","name":"\u00c9remszerz\u00e9s a Masters Maraton Magyar Bajnoks\u00e1gon. - Viski G\u00e1bor Albert","isPartOf":{"@id":"https:\/\/blog.viskigabor.hu\/#website"},"primaryImageOfPage":{"@id":"https:\/\/blog.viskigabor.hu\/?p=140#primaryimage"},"image":{"@id":"https:\/\/blog.viskigabor.hu\/?p=140#primaryimage"},"thumbnailUrl":"https:\/\/blog.viskigabor.hu\/wp-content\/uploads\/2022\/05\/Masters_Maraton_2022_04-scaled.jpeg","datePublished":"2022-05-28T05:19:59+00:00","dateModified":"2022-08-13T05:33:18+00:00","author":{"@id":"https:\/\/blog.viskigabor.hu\/#\/schema\/person\/e0509c84790179b4a531483a2e5a2602"},"breadcrumb":{"@id":"https:\/\/blog.viskigabor.hu\/?p=140#breadcrumb"},"inLanguage":"hu","potentialAction":[{"@type":"ReadAction","target":["https:\/\/blog.viskigabor.hu\/?p=140"]}]},{"@type":"ImageObject","inLanguage":"hu","@id":"https:\/\/blog.viskigabor.hu\/?p=140#primaryimage","url":"https:\/\/blog.viskigabor.hu\/wp-content\/uploads\/2022\/05\/Masters_Maraton_2022_04-scaled.jpeg","contentUrl":"https:\/\/blog.viskigabor.hu\/wp-content\/uploads\/2022\/05\/Masters_Maraton_2022_04-scaled.jpeg","width":2560,"height":1920},{"@type":"BreadcrumbList","@id":"https:\/\/blog.viskigabor.hu\/?p=140#breadcrumb","itemListElement":[{"@type":"ListItem","position":1,"name":"Home","item":"https:\/\/blog.viskigabor.hu\/"},{"@type":"ListItem","position":2,"name":"\u00c9remszerz\u00e9s a Masters Maraton Magyar Bajnoks\u00e1gon."}]},{"@type":"WebSite","@id":"https:\/\/blog.viskigabor.hu\/#website","url":"https:\/\/blog.viskigabor.hu\/","name":"Viski G\u00e1bor Albert","description":"kayaking is not my hobby, it\u2019s my passion!","potentialAction":[{"@type":"SearchAction","target":{"@type":"EntryPoint","urlTemplate":"https:\/\/blog.viskigabor.hu\/?s={search_term_string}"},"query-input":{"@type":"PropertyValueSpecification","valueRequired":true,"valueName":"search_term_string"}}],"inLanguage":"hu"},{"@type":"Person","@id":"https:\/\/blog.viskigabor.hu\/#\/schema\/person\/e0509c84790179b4a531483a2e5a2602","name":"viski.gabor","image":{"@type":"ImageObject","inLanguage":"hu","@id":"https:\/\/secure.gravatar.com\/avatar\/f311dcd6888a4c4e333b177103327b6533d49348dabcd734129ba954a68d54df?s=96&d=mm&r=g","url":"https:\/\/secure.gravatar.com\/avatar\/f311dcd6888a4c4e333b177103327b6533d49348dabcd734129ba954a68d54df?s=96&d=mm&r=g","contentUrl":"https:\/\/secure.gravatar.com\/avatar\/f311dcd6888a4c4e333b177103327b6533d49348dabcd734129ba954a68d54df?s=96&d=mm&r=g","caption":"viski.gabor"},"sameAs":["https:\/\/blog.viskigabor.hu"],"url":"https:\/\/blog.viskigabor.hu\/?author=1"}]}},"_links":{"self":[{"href":"https:\/\/blog.viskigabor.hu\/index.php?rest_route=\/wp\/v2\/posts\/140","targetHints":{"allow":["GET"]}}],"collection":[{"href":"https:\/\/blog.viskigabor.hu\/index.php?rest_route=\/wp\/v2\/posts"}],"about":[{"href":"https:\/\/blog.viskigabor.hu\/index.php?rest_route=\/wp\/v2\/types\/post"}],"author":[{"embeddable":true,"href":"https:\/\/blog.viskigabor.hu\/index.php?rest_route=\/wp\/v2\/users\/1"}],"replies":[{"embeddable":true,"href":"https:\/\/blog.viskigabor.hu\/index.php?rest_route=%2Fwp%2Fv2%2Fcomments&post=140"}],"version-history":[{"count":3,"href":"https:\/\/blog.viskigabor.hu\/index.php?rest_route=\/wp\/v2\/posts\/140\/revisions"}],"predecessor-version":[{"id":216,"href":"https:\/\/blog.viskigabor.hu\/index.php?rest_route=\/wp\/v2\/posts\/140\/revisions\/216"}],"wp:featuredmedia":[{"embeddable":true,"href":"https:\/\/blog.viskigabor.hu\/index.php?rest_route=\/wp\/v2\/media\/147"}],"wp:attachment":[{"href":"https:\/\/blog.viskigabor.hu\/index.php?rest_route=%2Fwp%2Fv2%2Fmedia&parent=140"}],"wp:term":[{"taxonomy":"category","embeddable":true,"href":"https:\/\/blog.viskigabor.hu\/index.php?rest_route=%2Fwp%2Fv2%2Fcategories&post=140"},{"taxonomy":"post_tag","embeddable":true,"href":"https:\/\/blog.viskigabor.hu\/index.php?rest_route=%2Fwp%2Fv2%2Ftags&post=140"}],"curies":[{"name":"wp","href":"https:\/\/api.w.org\/{rel}","templated":true}]}}