{"id":196,"date":"2022-07-28T19:08:06","date_gmt":"2022-07-28T19:08:06","guid":{"rendered":"https:\/\/blog.viskigabor.hu\/?p=196"},"modified":"2022-07-28T19:08:53","modified_gmt":"2022-07-28T19:08:53","slug":"ezust-hetvege-a-masters-magyar-bajnoksagon","status":"publish","type":"post","link":"https:\/\/blog.viskigabor.hu\/?p=196","title":{"rendered":"Ez\u00fcst h\u00e9tv\u00e9ge a Masters Magyar Bajnoks\u00e1gon"},"content":{"rendered":"\n<p>Elj\u00f6tt a ny\u00e1ri versenyszezon cs\u00facspontja a Szolnokon rendezett Masters Magyar Bajnoks\u00e1g. Nem hi\u00e1ba haz\u00e1nk egyik legsikeresebb sportja a kajak-kenu, mivel a mez\u0151ny nagy r\u00e9sze a masters korcsoportban is tudatosan k\u00e9sz\u00fcl.<\/p>\n\n\n\n<p>Amikor 2019-ben 12 \u00e9v kihagy\u00e1s ut\u00e1n \u00fajra haj\u00f3ba \u00fcltem, valahol ezt a Magyar Bajnoks\u00e1got v\u00e1rtam a legjobban. Id\u00e9n lettem 35 \u00e9ves, \u00edgy a Szabadid\u0151s \u00e9s Egyetemi korcsoportot h\u00e1tra hagyva (vagyis m\u00e9g \u00e9v elej\u00e9n ezt hittem) fell\u00e9ptem a Masters korcsoportban. Azt\u00e1n ahogy k\u00f6zeledett a bajnoks\u00e1g, k\u00f6rvonalaz\u00f3dott milyen sz\u00e1mokban tudok indulni. A versenyszab\u00e1lyok \u00e9rtelm\u00e9ben maximum 5 sz\u00e1mban lehet indulni, \u00edgy a k\u00e9t egy\u00e9ni sz\u00e1mom (K1\u00a0500m \u00e9s 200m) mell\u00e9 elkezdtem keresni a lehet\u0151s\u00e9geket a csapat haj\u00f3kra. Gerg\u0151t nem kellet sok\u00e1ig gy\u0151zk\u00f6dni a maraton ut\u00e1n, 500 m\u00e9terre is \u00f6ssze\u00fclt\u00fcnk, de m\u00e9g mindig volt k\u00e9t indul\u00e1si lehet\u0151s\u00e9gem. A Hazai Vizeken Beevez\u00e9s sorozat \u00e1llom\u00e1sain, fordul\u00f3r\u00f3l fordul\u00f3ra egyre biztosabb lett, hogy Krisztivel \u00f6ssze\u00fclve pr\u00f3b\u00e1ra tessz\u00fck magunkat, b\u00e1r ekkor m\u00e9g f\u0151leg 200 p\u00e1rost besz\u00e9lt\u00fcnk. Eml\u00e9kszek m\u00e9g mondtam is neki, hogy nem kell t\u00falgondolni, a 200 m\u00e9tert valahogy megoldjuk.<\/p>\n\n\n\n<p>Teltek m\u00faltak a hetek, egyre jobban k\u00f6zeledett a nevez\u00e9si hat\u00e1rid\u0151 \u00e9s m\u00e9g mindig volt egy nevez\u00e9si lehet\u0151s\u00e9gem. T\u00f6bb ismer\u0151sre is r\u00e1\u00edrtam, h\u00e1tha pont egy ember hi\u00e1nyzik egy n\u00e9gyes egys\u00e9ghez. Id\u0151k\u00f6zben Kriszti\u00e9k egyes\u00fclet\u00e9ben is tiszt\u00e1z\u00f3dtak az ig\u00e9nyek, \u00edgy v\u00e9g\u00fcl a mi p\u00e1rosunk 500 m\u00e9terre lett benevezve. Sz\u00f3val a nevez\u00e9si hat\u00e1rid\u0151 el\u0151tti h\u00e9ten \u00e9pp lent a cs\u00f3nakh\u00e1zban m\u00e1r edz\u00e9s ut\u00e1n t\u00f6r\u00f6ltem a haj\u00f3mat amikor a v\u00edzr\u0151l felj\u00f6ttek a Masters csajok. Besz\u00e9lgett\u00fcnk, ki milyen sz\u00e1mban indul, amikor megeml\u00edtettem, hogy 200 m\u00e9terre m\u00e9g keresek egy csapat haj\u00f3t. Viki ekkor r\u00e1k\u00e9rdezett, nem megyek-e vele p\u00e1rost, amire egyb\u0151l igent mondtam. M\u00e9g egy centit nem evezt\u00fcnk egy\u00fctt, de m\u00e1r akkor eld\u00f6nt\u00f6tt\u00fcnk, hogy pinkben megy\u00fcnk.<\/p>\n\n\n\n<p>A verseny el\u0151tti h\u00e9t, m\u00e1r f\u0151leg a csapat haj\u00f3z\u00e1sr\u00f3l sz\u00f3lt. Ilyen szempontb\u00f3l a R\u00e1ckevei-Duna beevez\u00e9s ut\u00e1ni vas\u00e1rnap volt a legs\u0171r\u0171bb, reggel a R\u00f3mai parton kezdt\u00fcnk Krisztivel egy k\u00f6z\u00f6s edz\u00e9ssel, d\u00e9lut\u00e1n Vikivel mentem p\u00e1rost, \u0151t k\u00f6vetve Gerg\u0151vel z\u00e1rtam a napot.<\/p>\n\n\n\n<p>P\u00e9nteken k\u00e9s\u0151 d\u00e9lut\u00e1n \u00e9rkezt\u00fcnk le a helysz\u00ednre, sajnos most nem volt szerencs\u00e9nk a sz\u00e1ll\u00e1s foglal\u00e1ssal, mert mindent el lehetett mondani r\u00f3la csak azt nem, hogy csendes lenne. A sz\u00e1ll\u00e1son volt valami z\u00e1rtk\u00f6r\u0171 rendezv\u00e9ny, ahol m\u00e9g hajnali f\u00e9l h\u00e1romkor is ment a d\u00e1rid\u00f3. Nem \u00e9ppen ide\u00e1lis r\u00e1k\u00e9sz\u00fcl\u00e9s egy Magyar Bajnoks\u00e1gra.<\/p>\n\n\n\n<p>Szombaton h\u00e1rom sz\u00e1mban voltam \u00e9rdekelt, a k\u00e9t p\u00e1ros mellett m\u00e9g ott volt az egy\u00e9ni 500 m\u00e9ter is. A versenyz\u0151 t\u00f6bbs\u00e9g az \u00f6t sz\u00e1mot \u00fagy szokta kihaszn\u00e1lni, hogy k\u00e9t 500 \u00e9s h\u00e1rom 200 m\u00e9ter, de \u00e9n megint a nehezebb utat v\u00e1lasztottam. Szerencs\u00e9re Gerg\u0151vel val\u00f3 p\u00e1rosunk \u00e9s az 500m egyesem egyb\u0151l d\u00f6nt\u0151s volt, de a Krisztivel bizony el\u0151futamoznunk is kellett.<\/p>\n\n\n\n<p>Reggel 10:30kor rajtolt az els\u0151 sz\u00e1munk. Gerg\u0151vel tiszt\u00e1ban voltunk jelenlegi \u00e1llapotunkkal, a tisztes helyt\u00e1ll\u00e1s mellet a k\u00f6z\u00e9pmez\u0151nybe v\u00e1rtuk magunkat, valamit volt egy kit\u0171z\u00f6tt id\u0151, amin bel\u00fcl teljes\u00edteni akartuk a t\u00e1vot. V\u00e9g\u00fcl siker\u00fclt egy j\u00f3 p\u00e1ly\u00e1t menni, v\u00e9gig csat\u00e1ban voltunk a 3. hely\u00e9rt, amir\u0151l v\u00e9g\u00fcl 2 m\u00e1sodperccel lecs\u00fasztunk \u00e9s az 5. helyre \u00e9rt\u00fcnk be. Az utols\u00f3 200 m\u00e9tern\u00e9l fogytunk el, j\u00f6tt az a bizonyos fal, amit most nem siker\u00fclt \u00e1tt\u00f6rni. Viszont annak \u00f6r\u00fcl\u00f6k, hogy Gerg\u0151 is pozit\u00edv \u00e9lm\u00e9nyekkel sz\u00e1llt ki m\u00f6g\u00fclem a haj\u00f3b\u00f3l, \u00edgy, ha j\u00f6v\u0151re siker\u00fcl neki is a felk\u00e9sz\u00fcl\u00e9s egy\u00e9rtelm\u0171, hogy a dobog\u00f3\u00e9rt tudunk majd harcolni \u00e9s \u00e9remmel a nyakunkban t\u00e9rhet\u00fcnk haza. Ezzel a szombat d\u00e9lel\u0151tti programom be is fejez\u0151d\u00f6tt.<\/p>\n\n\n<div class=\"wp-block-image\">\n<figure class=\"aligncenter size-large is-resized\"><img loading=\"lazy\" decoding=\"async\" src=\"https:\/\/blog.viskigabor.hu\/wp-content\/uploads\/2022\/07\/IMG-6863-1024x768.jpg\" alt=\"\" class=\"wp-image-199\" width=\"768\" height=\"576\" srcset=\"https:\/\/blog.viskigabor.hu\/wp-content\/uploads\/2022\/07\/IMG-6863-1024x768.jpg 1024w, https:\/\/blog.viskigabor.hu\/wp-content\/uploads\/2022\/07\/IMG-6863-300x225.jpg 300w, https:\/\/blog.viskigabor.hu\/wp-content\/uploads\/2022\/07\/IMG-6863-768x576.jpg 768w, https:\/\/blog.viskigabor.hu\/wp-content\/uploads\/2022\/07\/IMG-6863-1536x1152.jpg 1536w, https:\/\/blog.viskigabor.hu\/wp-content\/uploads\/2022\/07\/IMG-6863-2048x1536.jpg 2048w\" sizes=\"auto, (max-width: 768px) 100vw, 768px\" \/><\/figure>\n<\/div>\n\n\n<p>A szombat d\u00e9lut\u00e1ni program sokkal s\u0171r\u0171bbre sikeredett, igazi sorozat terhel\u00e9s, szinte \u00f3r\u00e1nk\u00e9nt j\u00f6ttek a futamok, ami azt jelentette, hogy kb f\u00e9l \u00f3ra volt a regener\u00e1l\u00f3d\u00e1sra.<\/p>\n\n\n\n<p>14:30kor j\u00f6tt Krisztivel az el\u0151futamom, igaz\u00e1b\u00f3l nem volt m\u00e1s c\u00e9lunk, mint valahogy a d\u00f6nt\u0151be jussunk. Mint m\u00e1r \u00edrtam \u00e9v elej\u00e9n azt hittem, hogy a Szabadid\u0151s korcsoportnak v\u00e9gleg b\u00facs\u00fat intek, de a p\u00e1ros miatt \u00fajra a 20 \u00e9vesek k\u00f6z\u00f6tt kellett bizony\u00edtanom. Kriszti vissza r\u00e1ntott ebbe a korcsoportba. Edz\u00e9sen egyetlen k\u00f6zel maxos p\u00e1ly\u00e1t ment\u00fcnk, \u00edgy pr\u00f3b\u00e1ltam hasonl\u00f3an fel\u00e9p\u00edteni. Elrajtoltunk a kettes p\u00e1ly\u00e1n \u00e9s a perif\u00e9ri\u00e1s l\u00e1tt\u00e1somb\u00f3l elt\u0171ntek az ellenfelek. Sose szoktam ilyet csin\u00e1lni, mindig csak a saj\u00e1t p\u00e1ly\u00e1mra figyelek, de most 300 m\u00e9tern\u00e9l k\u00e9tszer is kin\u00e9ztem oldalra. \u201eBasszus, nemhogy tov\u00e1bb jut\u00f3 helyen vagyunk, de vezet\u00fcnk\u201d gondoltam magamban. Ezt k\u00f6vet\u0151en, mondtam Krisztinek \u201eJ\u00f3k vagyunk\u201d \u00e9s az utols\u00f3 200 m\u00e9terre vissz\u00e1bb is vettem a temp\u00f3t, nem most kell ell\u0151ni a puskaport. El\u0151futam gy\u0151zelem! Sose volt ilyenben r\u00e9szem ezel\u0151tt s\u00edkv\u00edzen r\u00f6vidt\u00e1von. Az eg\u00e9sz ut\u00e1np\u00f3tl\u00e1s korszakom arr\u00f3l sz\u00f3lt, hogy a vert mez\u0151nyben vagyok \u00e9s az el\u0151futamokb\u00f3l csak nagy szerencs\u00e9vel volt 1-1 tov\u00e1bb jut\u00e1s. Alig dolgoztuk fel m\u00e9g ezt az \u00e9lm\u00e9nyt, id\u0151k\u00f6zben befutott a m\u00e1sodik el\u0151futam is, \u00e9s j\u00f6ttek az id\u0151eredm\u00e9nyek. Nem, hogy el\u0151futam gy\u0151ztesk\u00e9nt, de a legjobb id\u0151vel ott vagyunk a d\u00f6nt\u0151ben az \u00f6t\u00f6s p\u00e1ly\u00e1n. Line 5, a legjobbak kapj\u00e1k ezt a p\u00e1ly\u00e1t a d\u00f6nt\u0151re. Persze pr\u00f3b\u00e1ltunk a f\u00f6ld\u00f6n maradni, hogy a t\u00f6bbiek biztos elsp\u00f3rolt\u00e1k amint l\u00e1tt\u00e1k, hogy megvan a tov\u00e1bb jut\u00f3 hely.<\/p>\n\n\n\n<p>Nem volt sok id\u0151m, hiszen 15:40kor j\u00f6tt az 500m egyes sz\u00e1mom d\u00f6nt\u0151je. Sokat gondolkodtam azon mennyire tegyem oda magam. milyen taktik\u00e1val mennyek, hiszen az egyes sz\u00e1mom ut\u00e1n nem sokkal j\u00f6tt a p\u00e1ros d\u00f6nt\u0151, ami ezzel az el\u0151\u00e9lettel piros\u00edt\u00e1st kezdett \u00e9lvezni n\u00e1lam. V\u00e9g\u00fcl \u00fagy d\u00f6nt\u00f6ttem, hogy megyek egy saj\u00e1t 90%-os p\u00e1ly\u00e1t, \u00fagy fogok tenni, mint amikor hossz\u00fat\u00e1von rajtolok el. El is ment a mez\u0151ny mellettem. Az utols\u00f3 200 m\u00e9tern\u00e9l m\u00e9g az 5. helyen haladtam, egy b\u0151 haj\u00f3val lemaradva. Mivel j\u00f3l \u00e9reztem magam fizikailag megind\u00edtottam a haj\u00f3t, \u00edgy legal\u00e1bb finiselek egyet. Annyira j\u00f3l siker\u00fclt, hogy v\u00e9g\u00fcl c\u00e9lfot\u00f3 d\u00f6nt\u00f6tt a 3. helyr\u0151l mind\u00f6ssze 38 ezreddel maradtam le a dobog\u00f3r\u00f3l.<\/p>\n\n\n\n\n\n<p>A D\u00f6nt\u0151! J\u00f6tt a nap legfontosabb futama, a vegyes p\u00e1rosunk d\u00f6nt\u0151 futama. Nem akartam semmit v\u00e1ltoztatni azon, ahogy a p\u00e1ly\u00e1t fel\u00e9p\u00edtett\u00fck, tudtam, hogy ugyan azt kell csin\u00e1lni, mint amit az el\u0151futamban, de most az utols\u00f3 150 m\u00e9teren meg kell indulni. Ahogy k\u00f6zeledett a rajtid\u0151, \u00fagy sz\u0171k\u00fclt be a tudatom, \u00e9s kezdtem el mindent kiz\u00e1rni, csak a feladatra koncentr\u00e1lni. Egy csapat haj\u00f3ban az el\u0151l \u00fcl\u0151\u00e9 a felel\u0151ss\u00e9g, \u0151 a vez\u00e9revez\u0151s, a stroke. A h\u00e1tul \u00fcl\u0151 vakon megb\u00edzik benne, nekem kell felm\u00e9rnem, mi a j\u00f3 csap\u00e1ssz\u00e1m, fel\u00e9p\u00edteni a p\u00e1ly\u00e1t, \u00e9rezni a m\u00f6g\u00f6ttem \u00fcl\u0151t \u00e9s \u00e1tl\u00e1tni a p\u00e1ly\u00e1t a verseny alakul\u00e1s\u00e1t. Az ut\u00e1np\u00f3tl\u00e1s koroszt\u00e1lyt \u00fagy csin\u00e1ltam v\u00e9gig, hogy mindig h\u00e1ts\u00f3 ember voltam a csapathaj\u00f3ban a n\u00e9gyes egys\u00e9gben is a negyedik luk volt az eny\u00e9m. Ezt az eg\u00e9szet, hogy \u00e9n \u00fcljek el\u0151l, tavaly tal\u00e1ltuk ki Gerg\u0151vel a Maraton Bajnoks\u00e1gra \u00e9s az\u00f3ta kezdem egyre jobban megszeretni ezt a feladatk\u00f6rt. Most meg itt vagyok egy d\u00f6nt\u0151ben, ahova a legjobb egys\u00e9gk\u00e9nt ker\u00fclt\u00fcnk be mi\u00e9nk az \u00f6t\u00f6s p\u00e1lya. Be\u00e1lltunk a rajtg\u00e9pbe \u00e9s a f\u00f3kusz m\u00e1r csak a p\u00e1ly\u00e1n volt. Elrajtoltunk \u00e9s megint t\u0171nnek el az ellenfelek a perif\u00e9ri\u00e1s l\u00e1t\u00e1somb\u00f3l. Ezt most meg kell csin\u00e1lni, akarom ezt a gy\u0151zelmet. 300 m\u00e9tern\u00e9l tartunk, elhagyjuk a 200-as rajt bolya sor\u00e1t \u00e9s egy haj\u00f3val vezet\u00fcnk, de valami nem j\u00f3. T\u00fal er\u0151sen j\u00f6tt\u00fcnk? kezd\u00fcnk elfogyni? a p\u00e1lya kezd egyre sz\u0171kebb lenni, besz\u0171k\u00fclt a t\u00e9r, csak a c\u00e9l vonalat n\u00e9zem, be kell \u00e9rn\u00fcnk. A perif\u00e9ri\u00e1n megjelenik egy fekete haj\u00f3, ami csak egyre jobban k\u00f6zeledik fel\u00e9nk. M\u00e1r csak a sz\u00edv\u00fcnk \u00e9s az akaratunk visz el\u0151re. Itt a c\u00e9l, ber\u00fagom a haj\u00f3t, kin\u00e9zek oldalra, \u00e9s ez most kev\u00e9s volt. Itt volt a kez\u00fcnkben a Magyar Bajnoki c\u00edm \u00e9s az utols\u00f3 m\u00e9tereken kics\u00faszott a kez\u00fcnk k\u00f6z\u00fcl. H\u00e1tra fordultam \u00e9s mondtam Krisztinek, hogy sz\u00e9p volt, de l\u00e1ttam rajta is csal\u00f3dotts\u00e1g\u00e1t. \u0150 m\u00e9g ekkor nem tudta, de abba a pillanatban amikor oldalra n\u00e9ztem \u00e9s l\u00e1ttam, hogy m\u00e1sodikok vagyunk, eld\u00f6nt\u00f6ttem j\u00f6v\u0151re visszat\u00e9r\u00fcnk m\u00e9g er\u0151sebben. Persze \u00fclepedni kell m\u00e9g ennek \u00e9s annak, amit el\u00e9rt\u00fcnk. Azt\u00e1n j\u00f6tt is a d\u00edj\u00e1tad\u00f3 \u00e9s mosolyogva \u00e1lltunk fel a m\u00e1sodik helyre, de fejben szerintem m\u00e9g mind a ketten a p\u00e1ly\u00e1n voltunk.<\/p>\n\n\n<div class=\"wp-block-image\">\n<figure class=\"aligncenter size-large is-resized\"><img loading=\"lazy\" decoding=\"async\" src=\"https:\/\/blog.viskigabor.hu\/wp-content\/uploads\/2022\/07\/P1160181-1024x768.jpg\" alt=\"\" class=\"wp-image-198\" width=\"768\" height=\"576\" srcset=\"https:\/\/blog.viskigabor.hu\/wp-content\/uploads\/2022\/07\/P1160181-1024x768.jpg 1024w, https:\/\/blog.viskigabor.hu\/wp-content\/uploads\/2022\/07\/P1160181-300x225.jpg 300w, https:\/\/blog.viskigabor.hu\/wp-content\/uploads\/2022\/07\/P1160181-768x576.jpg 768w, https:\/\/blog.viskigabor.hu\/wp-content\/uploads\/2022\/07\/P1160181-1536x1152.jpg 1536w, https:\/\/blog.viskigabor.hu\/wp-content\/uploads\/2022\/07\/P1160181-2048x1536.jpg 2048w\" sizes=\"auto, (max-width: 768px) 100vw, 768px\" \/><\/figure>\n<\/div>\n\n\n<p>Elkellett telni 1-2 \u00f3r\u00e1nak mire r\u00e1j\u00f6tt\u00fcnk milyen tettet hajtottunk v\u00e9gre. Szeretem az adatelemz\u00e9st, amint vissza\u00e9rtem a sz\u00e1ll\u00e1sra el\u0151vettem a laptopomat \u00e9s elkezdtem az \u00f3ra \u00e1ltal r\u00f6gz\u00edtett adatokat \u00f6sszehasonl\u00edtani az el\u0151futam \u00e9s a d\u00f6nt\u0151 k\u00f6z\u00f6tt. Amit \u00e9reztem az beigazol\u00f3dott, a p\u00e1lya els\u0151 fele er\u0151sebbre siker\u00fclt.<\/p>\n\n\n\n<p>Viszont amit kaptam ett\u0151l a k\u00e9t futamt\u00f3l, feledteti a csal\u00f3d\u00e1somat. A D\u00f6nt\u0151ben a legmagasabb \u00e1tlag\u00e9letkorral rendelkez\u0151 egys\u00e9gk\u00e9nt vezett\u00fcnk egy haj\u00f3nyi el\u0151nnyel, az volt az a pillanat, ami\u00e9rt meg\u00e9ri minden nap sanyargatni a test\u00fcnket, sok-sok lemond\u00e1ssal \u00e9s az eg\u00e9sz csal\u00e1di \u00e9let\u00fcnket a kajakoz\u00e1s k\u00f6r\u00e9 fel\u00e9p\u00edteni. \u00d6r\u00fcltem, hogy \u00f6sszej\u00f6tt ez a p\u00e1ros, mert Kriszt\u00e1ban egy olyan p\u00e1rt tal\u00e1ltam, akir\u0151l tudom, hogy ugyan annyi, ha nem t\u00f6bb munk\u00e1t beletesz az amat\u0151r kajakoz\u00e1sba. Van j\u00f6v\u0151je ennek a p\u00e1rosnak, hiszen ilyen amikor a Hazai Vizek Beevez\u00e9s Bajnokai \u00f6ssze\u00fclnek, a k\u00e9t fanatikus szabadid\u0151s sportol\u00f3.<\/p>\n\n\n\n<p>A vas\u00e1rnap a jutalomj\u00e1t\u00e9k napja volt. J\u00f6ttek a k\u00e9tsz\u00e1z m\u00e9terek egyesben \u00e9s m\u00e9g ott volt a Pink p\u00e1rosunk, ahol az \u00e1tlag\u00e9letkorunk alapj\u00e1n a 40-44-es kateg\u00f3ri\u00e1ba ker\u00fclt\u00fcnk.<\/p>\n\n\n\n<p>Az egyes sz\u00e1m sz\u00e1momra t\u00e9nyleg csak az \u00e9lm\u00e9nyr\u0151l sz\u00f3lt, hiszen nem a sprintekre k\u00e9sz\u00fcltem. Az alakom, az izomzatom se a 40 m\u00e1sodperces sprintekre alkalmasak. Teljesen laz\u00e1n minden t\u00e9t n\u00e9lk\u00fcl \u00e1lltam be reggel 9:04kor a rajtg\u00e9pbe. Elrajtoltunk, kicsit \u00e1lmosra sikeredett, de az el\u0151futamomban \u00edgy is 2. lettem, \u00edgy a 6. p\u00e1ly\u00e1r\u00f3l v\u00e1rhattam a d\u00f6nt\u0151t. A 10:48-as d\u00f6nt\u0151re siker\u00fclt is fel\u00e9bredni, \u00e9s egy nagyon szoros c\u00e9lba \u00e9r\u00e9ssel v\u00e9g\u00fcl a 6. helyen v\u00e9geztem, 1 m\u00e1sodperccel lemaradva a dobog\u00f3r\u00f3l.<\/p>\n\n\n\n<p>Nem volt m\u00e1s h\u00e1tra, mint a Pink p\u00e1rosunk Vikivel. Na h\u00e1t itt teljesen nem tudtam, hogy \u00e1llunk a mez\u0151nyh\u00f6z k\u00e9pes. Az elej\u00e9ben lesz\u00fcnk vagy a v\u00e9g\u00e9ben, lehet a d\u00f6nt\u0151be jut\u00e1s is k\u00fczdelmes lesz? Sok k\u00e9rd\u00e9s volt bennem, hiszen annyira k\u00e9s\u0151n tal\u00e1ltuk ki ezt a p\u00e1rost, hogy v\u00e9g\u00fcl csak p\u00f3tnevez\u00e9ssel siker\u00fclt a nevez\u00e9s\u00fcnk. J\u00f6tt az el\u0151futam, ahol majd a sok k\u00e9rd\u00e9semre v\u00e1laszt kapok. A l\u00e9nyeg, hogy c\u00e9lba \u00e9rj\u00fcnk \u00e9s m\u00e1r egy d\u00f6nt\u0151be jut\u00e1st is aj\u00e1nd\u00e9kk\u00e9nt \u00e9l\u00fcnk meg. Az el\u0151futam j\u00f3l siker\u00fclt, sz\u00e1momra egy er\u0151sebb iramtemp\u00f3ban teljes\u00edtett\u00fck a 200m-t, nem akartam sz\u00e9tp\u00f6rgetni, mert ahhoz keveset ment\u00fcnk Vikivel, hogy tudjam mi a maxim\u00e1lis csap\u00e1ssz\u00e1munk. Az el\u0151futamban harmadikak lett\u00fcnk \u00e9s a 4. legjobb id\u0151vel d\u00f6nt\u0151be ker\u00fclt\u00fcnk. Mind a ketten azt \u00e9rezt\u00fck, hogy maradt m\u00e9g a p\u00e1ly\u00e1ban. L\u00e1tva az ellenfeleket \u00e9s az id\u0151ket Vikivel azt besz\u00e9lt\u00fck, hogy ha kicsit tudunk javulni, akkor tal\u00e1n el tudjuk cs\u00edpni a dobog\u00f3 legals\u00f3 fok\u00e1t. J\u00f6tt a d\u00f6nt\u0151 mindkett\u0151nknek az utols\u00f3 sz\u00e1ma a h\u00e9tv\u00e9g\u00e9n, itt m\u00e1r nem kell sp\u00f3rolni, ami a cs\u0151v\u0151n kif\u00e9rt, megy\u00fcnk egy maxos p\u00e1ly\u00e1t. J\u00f6tt a rajtjel \u00e9s elindultunk az utols\u00f3 200 m\u00e9terrel. J\u00f3val nagyobb csapatsz\u00e1mmal \u00e9s teljes er\u0151bedob\u00e1ssal haladtunk a c\u00e9l fel\u00e9, 100 m\u00e9tern\u00e9l volt egy megbillen\u00e9s\u00fcnk, de kezelni tudtuk a helyzetet, v\u00e9g\u00fcl f\u00e9l m\u00e1sodperccel lemaradva 2. helyen futottunk be. Tal\u00e1n saj\u00e1t magunk lep\u0151dt\u00fcnk meg a legjobban ezzel az eredm\u00e9nnyel. Mint k\u00e9s\u0151bb megtudtuk a megbillen\u00e9s\u00fcnk el\u0151tt els\u0151 helyen haladtunk.<\/p>\n\n\n<div class=\"wp-block-image\">\n<figure class=\"aligncenter size-large is-resized\"><img loading=\"lazy\" decoding=\"async\" src=\"https:\/\/blog.viskigabor.hu\/wp-content\/uploads\/2022\/07\/IMG_2617-1024x768.jpg\" alt=\"\" class=\"wp-image-200\" width=\"768\" height=\"576\" srcset=\"https:\/\/blog.viskigabor.hu\/wp-content\/uploads\/2022\/07\/IMG_2617-1024x768.jpg 1024w, https:\/\/blog.viskigabor.hu\/wp-content\/uploads\/2022\/07\/IMG_2617-300x225.jpg 300w, https:\/\/blog.viskigabor.hu\/wp-content\/uploads\/2022\/07\/IMG_2617-768x576.jpg 768w, https:\/\/blog.viskigabor.hu\/wp-content\/uploads\/2022\/07\/IMG_2617-1536x1152.jpg 1536w, https:\/\/blog.viskigabor.hu\/wp-content\/uploads\/2022\/07\/IMG_2617.jpg 1600w\" sizes=\"auto, (max-width: 768px) 100vw, 768px\" \/><\/figure>\n<\/div>\n\n\n<p>\u00c9letem legjobb Magyar Bajnoks\u00e1g\u00e1t z\u00e1rhattam, sok-sok \u00e9lm\u00e9nnyel, egy kis \u00e9rzelmi hull\u00e1mvas\u00fattal hiszen nagyon k\u00f6zel volt a Bajnoki c\u00edm, de k\u00f6sz\u00f6n\u00f6m mindenkinek, aki hozz\u00e1 tette a mag\u00e1\u00e9t, \u00e9s a h\u00e1rom p\u00e1romnak is, hogy \u00f6sszehoztuk ezeket a csapathaj\u00f3kat.<\/p>\n\n\n\n<p>A legnagyobb h\u0151s m\u00e9g is Vivi volt, aki ezt a k\u00e9t \u00e9s f\u00e9l napot a k\u00e9t gyerekkel v\u00e9gig csin\u00e1lta, b\u00e1r sokszor k\u00f6r\u00fclm\u00e9nyes volt a k\u00e9t gyerekkel szervezni az \u00e9let\u00fcnket, de nagy er\u0151t adtak, hogy ott voltak.<\/p>\n\n\n\n<p>A szezonban a l\u00e9nyeges dolgok m\u00e1r eld\u0151ltek, ami ezut\u00e1n k\u00f6vetkezik, pedig csak jutalomj\u00e1t\u00e9k A lap\u00e1tot nem tessz\u00fck le, megy\u00fcnk tov\u00e1bb.<\/p>\n\n\n\n<p>Hajr\u00e1 Dunaf\u00fcred!<\/p>\n","protected":false},"excerpt":{"rendered":"<p>Elj\u00f6tt a ny\u00e1ri versenyszezon cs\u00facspontja a Szolnokon rendezett Masters Magyar Bajnoks\u00e1g. Nem hi\u00e1ba haz\u00e1nk egyik legsikeresebb sportja a kajak-kenu, mivel a mez\u0151ny nagy r\u00e9sze a masters korcsoportban is tudatosan k\u00e9sz\u00fcl. Amikor 2019-ben 12 \u00e9v kihagy\u00e1s ut\u00e1n \u00fajra haj\u00f3ba \u00fcltem, valahol ezt a Magyar Bajnoks\u00e1got v\u00e1rtam a legjobban. Id\u00e9n lettem 35 \u00e9ves, \u00edgy a Szabadid\u0151s \u00e9s [&hellip;]<\/p>\n","protected":false},"author":1,"featured_media":197,"comment_status":"closed","ping_status":"closed","sticky":false,"template":"","format":"standard","meta":{"_monsterinsights_skip_tracking":false,"_monsterinsights_sitenote_active":false,"_monsterinsights_sitenote_note":"","_monsterinsights_sitenote_category":0,"footnotes":""},"categories":[9],"tags":[10,7,8,14,5,6],"class_list":["post-196","post","type-post","status-publish","format-standard","has-post-thumbnail","hentry","category-masters","tag-amatorsportolok","tag-kajak","tag-kajak-kenu-sport","tag-magyar-bajnoksag","tag-masters","tag-masters-kajak"],"yoast_head":"<!-- This site is optimized with the Yoast SEO plugin v27.5 - https:\/\/yoast.com\/product\/yoast-seo-wordpress\/ -->\n<title>Ez\u00fcst h\u00e9tv\u00e9ge a Masters Magyar Bajnoks\u00e1gon - Viski G\u00e1bor Albert<\/title>\n<meta name=\"robots\" content=\"index, follow, max-snippet:-1, max-image-preview:large, max-video-preview:-1\" \/>\n<link rel=\"canonical\" href=\"https:\/\/blog.viskigabor.hu\/?p=196\" \/>\n<meta property=\"og:locale\" content=\"hu_HU\" \/>\n<meta property=\"og:type\" content=\"article\" \/>\n<meta property=\"og:title\" content=\"Ez\u00fcst h\u00e9tv\u00e9ge a Masters Magyar Bajnoks\u00e1gon - Viski G\u00e1bor Albert\" \/>\n<meta property=\"og:description\" content=\"Elj\u00f6tt a ny\u00e1ri versenyszezon cs\u00facspontja a Szolnokon rendezett Masters Magyar Bajnoks\u00e1g. Nem hi\u00e1ba haz\u00e1nk egyik legsikeresebb sportja a kajak-kenu, mivel a mez\u0151ny nagy r\u00e9sze a masters korcsoportban is tudatosan k\u00e9sz\u00fcl. Amikor 2019-ben 12 \u00e9v kihagy\u00e1s ut\u00e1n \u00fajra haj\u00f3ba \u00fcltem, valahol ezt a Magyar Bajnoks\u00e1got v\u00e1rtam a legjobban. Id\u00e9n lettem 35 \u00e9ves, \u00edgy a Szabadid\u0151s \u00e9s [&hellip;]\" \/>\n<meta property=\"og:url\" content=\"https:\/\/blog.viskigabor.hu\/?p=196\" \/>\n<meta property=\"og:site_name\" content=\"Viski G\u00e1bor Albert\" \/>\n<meta property=\"article:published_time\" content=\"2022-07-28T19:08:06+00:00\" \/>\n<meta property=\"article:modified_time\" content=\"2022-07-28T19:08:53+00:00\" \/>\n<meta property=\"og:image\" content=\"https:\/\/blog.viskigabor.hu\/wp-content\/uploads\/2022\/07\/MagyarBajnoksag2022_01-e1659034906550.jpg\" \/>\n\t<meta property=\"og:image:width\" content=\"1490\" \/>\n\t<meta property=\"og:image:height\" content=\"1490\" \/>\n\t<meta property=\"og:image:type\" content=\"image\/jpeg\" \/>\n<meta name=\"author\" content=\"viski.gabor\" \/>\n<meta name=\"twitter:card\" content=\"summary_large_image\" \/>\n<meta name=\"twitter:label1\" content=\"Szerz\u0151:\" \/>\n\t<meta name=\"twitter:data1\" content=\"viski.gabor\" \/>\n\t<meta name=\"twitter:label2\" content=\"Becs\u00fclt olvas\u00e1si id\u0151\" \/>\n\t<meta name=\"twitter:data2\" content=\"11 perc\" \/>\n<script type=\"application\/ld+json\" class=\"yoast-schema-graph\">{\"@context\":\"https:\\\/\\\/schema.org\",\"@graph\":[{\"@type\":\"Article\",\"@id\":\"https:\\\/\\\/blog.viskigabor.hu\\\/?p=196#article\",\"isPartOf\":{\"@id\":\"https:\\\/\\\/blog.viskigabor.hu\\\/?p=196\"},\"author\":{\"name\":\"viski.gabor\",\"@id\":\"https:\\\/\\\/blog.viskigabor.hu\\\/#\\\/schema\\\/person\\\/e0509c84790179b4a531483a2e5a2602\"},\"headline\":\"Ez\u00fcst h\u00e9tv\u00e9ge a Masters Magyar Bajnoks\u00e1gon\",\"datePublished\":\"2022-07-28T19:08:06+00:00\",\"dateModified\":\"2022-07-28T19:08:53+00:00\",\"mainEntityOfPage\":{\"@id\":\"https:\\\/\\\/blog.viskigabor.hu\\\/?p=196\"},\"wordCount\":2573,\"image\":{\"@id\":\"https:\\\/\\\/blog.viskigabor.hu\\\/?p=196#primaryimage\"},\"thumbnailUrl\":\"https:\\\/\\\/blog.viskigabor.hu\\\/wp-content\\\/uploads\\\/2022\\\/07\\\/MagyarBajnoksag2022_01-e1659034906550.jpg\",\"keywords\":[\"amat\u0151rsportol\u00f3k\",\"kajak\",\"Kajak Kenu Sport\",\"Magyar Bajnoks\u00e1g\",\"Masters\",\"Masters Kajak\"],\"articleSection\":[\"Masters\"],\"inLanguage\":\"hu\"},{\"@type\":\"WebPage\",\"@id\":\"https:\\\/\\\/blog.viskigabor.hu\\\/?p=196\",\"url\":\"https:\\\/\\\/blog.viskigabor.hu\\\/?p=196\",\"name\":\"Ez\u00fcst h\u00e9tv\u00e9ge a Masters Magyar Bajnoks\u00e1gon - Viski G\u00e1bor Albert\",\"isPartOf\":{\"@id\":\"https:\\\/\\\/blog.viskigabor.hu\\\/#website\"},\"primaryImageOfPage\":{\"@id\":\"https:\\\/\\\/blog.viskigabor.hu\\\/?p=196#primaryimage\"},\"image\":{\"@id\":\"https:\\\/\\\/blog.viskigabor.hu\\\/?p=196#primaryimage\"},\"thumbnailUrl\":\"https:\\\/\\\/blog.viskigabor.hu\\\/wp-content\\\/uploads\\\/2022\\\/07\\\/MagyarBajnoksag2022_01-e1659034906550.jpg\",\"datePublished\":\"2022-07-28T19:08:06+00:00\",\"dateModified\":\"2022-07-28T19:08:53+00:00\",\"author\":{\"@id\":\"https:\\\/\\\/blog.viskigabor.hu\\\/#\\\/schema\\\/person\\\/e0509c84790179b4a531483a2e5a2602\"},\"breadcrumb\":{\"@id\":\"https:\\\/\\\/blog.viskigabor.hu\\\/?p=196#breadcrumb\"},\"inLanguage\":\"hu\",\"potentialAction\":[{\"@type\":\"ReadAction\",\"target\":[\"https:\\\/\\\/blog.viskigabor.hu\\\/?p=196\"]}]},{\"@type\":\"ImageObject\",\"inLanguage\":\"hu\",\"@id\":\"https:\\\/\\\/blog.viskigabor.hu\\\/?p=196#primaryimage\",\"url\":\"https:\\\/\\\/blog.viskigabor.hu\\\/wp-content\\\/uploads\\\/2022\\\/07\\\/MagyarBajnoksag2022_01-e1659034906550.jpg\",\"contentUrl\":\"https:\\\/\\\/blog.viskigabor.hu\\\/wp-content\\\/uploads\\\/2022\\\/07\\\/MagyarBajnoksag2022_01-e1659034906550.jpg\",\"width\":1490,\"height\":1490},{\"@type\":\"BreadcrumbList\",\"@id\":\"https:\\\/\\\/blog.viskigabor.hu\\\/?p=196#breadcrumb\",\"itemListElement\":[{\"@type\":\"ListItem\",\"position\":1,\"name\":\"Home\",\"item\":\"https:\\\/\\\/blog.viskigabor.hu\\\/\"},{\"@type\":\"ListItem\",\"position\":2,\"name\":\"Ez\u00fcst h\u00e9tv\u00e9ge a Masters Magyar Bajnoks\u00e1gon\"}]},{\"@type\":\"WebSite\",\"@id\":\"https:\\\/\\\/blog.viskigabor.hu\\\/#website\",\"url\":\"https:\\\/\\\/blog.viskigabor.hu\\\/\",\"name\":\"Viski G\u00e1bor Albert\",\"description\":\"kayaking is not my hobby, it\u2019s my passion!\",\"potentialAction\":[{\"@type\":\"SearchAction\",\"target\":{\"@type\":\"EntryPoint\",\"urlTemplate\":\"https:\\\/\\\/blog.viskigabor.hu\\\/?s={search_term_string}\"},\"query-input\":{\"@type\":\"PropertyValueSpecification\",\"valueRequired\":true,\"valueName\":\"search_term_string\"}}],\"inLanguage\":\"hu\"},{\"@type\":\"Person\",\"@id\":\"https:\\\/\\\/blog.viskigabor.hu\\\/#\\\/schema\\\/person\\\/e0509c84790179b4a531483a2e5a2602\",\"name\":\"viski.gabor\",\"image\":{\"@type\":\"ImageObject\",\"inLanguage\":\"hu\",\"@id\":\"https:\\\/\\\/secure.gravatar.com\\\/avatar\\\/f311dcd6888a4c4e333b177103327b6533d49348dabcd734129ba954a68d54df?s=96&d=mm&r=g\",\"url\":\"https:\\\/\\\/secure.gravatar.com\\\/avatar\\\/f311dcd6888a4c4e333b177103327b6533d49348dabcd734129ba954a68d54df?s=96&d=mm&r=g\",\"contentUrl\":\"https:\\\/\\\/secure.gravatar.com\\\/avatar\\\/f311dcd6888a4c4e333b177103327b6533d49348dabcd734129ba954a68d54df?s=96&d=mm&r=g\",\"caption\":\"viski.gabor\"},\"sameAs\":[\"https:\\\/\\\/blog.viskigabor.hu\"],\"url\":\"https:\\\/\\\/blog.viskigabor.hu\\\/?author=1\"}]}<\/script>\n<!-- \/ Yoast SEO plugin. -->","yoast_head_json":{"title":"Ez\u00fcst h\u00e9tv\u00e9ge a Masters Magyar Bajnoks\u00e1gon - Viski G\u00e1bor Albert","robots":{"index":"index","follow":"follow","max-snippet":"max-snippet:-1","max-image-preview":"max-image-preview:large","max-video-preview":"max-video-preview:-1"},"canonical":"https:\/\/blog.viskigabor.hu\/?p=196","og_locale":"hu_HU","og_type":"article","og_title":"Ez\u00fcst h\u00e9tv\u00e9ge a Masters Magyar Bajnoks\u00e1gon - Viski G\u00e1bor Albert","og_description":"Elj\u00f6tt a ny\u00e1ri versenyszezon cs\u00facspontja a Szolnokon rendezett Masters Magyar Bajnoks\u00e1g. Nem hi\u00e1ba haz\u00e1nk egyik legsikeresebb sportja a kajak-kenu, mivel a mez\u0151ny nagy r\u00e9sze a masters korcsoportban is tudatosan k\u00e9sz\u00fcl. Amikor 2019-ben 12 \u00e9v kihagy\u00e1s ut\u00e1n \u00fajra haj\u00f3ba \u00fcltem, valahol ezt a Magyar Bajnoks\u00e1got v\u00e1rtam a legjobban. Id\u00e9n lettem 35 \u00e9ves, \u00edgy a Szabadid\u0151s \u00e9s [&hellip;]","og_url":"https:\/\/blog.viskigabor.hu\/?p=196","og_site_name":"Viski G\u00e1bor Albert","article_published_time":"2022-07-28T19:08:06+00:00","article_modified_time":"2022-07-28T19:08:53+00:00","og_image":[{"width":1490,"height":1490,"url":"https:\/\/blog.viskigabor.hu\/wp-content\/uploads\/2022\/07\/MagyarBajnoksag2022_01-e1659034906550.jpg","type":"image\/jpeg"}],"author":"viski.gabor","twitter_card":"summary_large_image","twitter_misc":{"Szerz\u0151:":"viski.gabor","Becs\u00fclt olvas\u00e1si id\u0151":"11 perc"},"schema":{"@context":"https:\/\/schema.org","@graph":[{"@type":"Article","@id":"https:\/\/blog.viskigabor.hu\/?p=196#article","isPartOf":{"@id":"https:\/\/blog.viskigabor.hu\/?p=196"},"author":{"name":"viski.gabor","@id":"https:\/\/blog.viskigabor.hu\/#\/schema\/person\/e0509c84790179b4a531483a2e5a2602"},"headline":"Ez\u00fcst h\u00e9tv\u00e9ge a Masters Magyar Bajnoks\u00e1gon","datePublished":"2022-07-28T19:08:06+00:00","dateModified":"2022-07-28T19:08:53+00:00","mainEntityOfPage":{"@id":"https:\/\/blog.viskigabor.hu\/?p=196"},"wordCount":2573,"image":{"@id":"https:\/\/blog.viskigabor.hu\/?p=196#primaryimage"},"thumbnailUrl":"https:\/\/blog.viskigabor.hu\/wp-content\/uploads\/2022\/07\/MagyarBajnoksag2022_01-e1659034906550.jpg","keywords":["amat\u0151rsportol\u00f3k","kajak","Kajak Kenu Sport","Magyar Bajnoks\u00e1g","Masters","Masters Kajak"],"articleSection":["Masters"],"inLanguage":"hu"},{"@type":"WebPage","@id":"https:\/\/blog.viskigabor.hu\/?p=196","url":"https:\/\/blog.viskigabor.hu\/?p=196","name":"Ez\u00fcst h\u00e9tv\u00e9ge a Masters Magyar Bajnoks\u00e1gon - Viski G\u00e1bor Albert","isPartOf":{"@id":"https:\/\/blog.viskigabor.hu\/#website"},"primaryImageOfPage":{"@id":"https:\/\/blog.viskigabor.hu\/?p=196#primaryimage"},"image":{"@id":"https:\/\/blog.viskigabor.hu\/?p=196#primaryimage"},"thumbnailUrl":"https:\/\/blog.viskigabor.hu\/wp-content\/uploads\/2022\/07\/MagyarBajnoksag2022_01-e1659034906550.jpg","datePublished":"2022-07-28T19:08:06+00:00","dateModified":"2022-07-28T19:08:53+00:00","author":{"@id":"https:\/\/blog.viskigabor.hu\/#\/schema\/person\/e0509c84790179b4a531483a2e5a2602"},"breadcrumb":{"@id":"https:\/\/blog.viskigabor.hu\/?p=196#breadcrumb"},"inLanguage":"hu","potentialAction":[{"@type":"ReadAction","target":["https:\/\/blog.viskigabor.hu\/?p=196"]}]},{"@type":"ImageObject","inLanguage":"hu","@id":"https:\/\/blog.viskigabor.hu\/?p=196#primaryimage","url":"https:\/\/blog.viskigabor.hu\/wp-content\/uploads\/2022\/07\/MagyarBajnoksag2022_01-e1659034906550.jpg","contentUrl":"https:\/\/blog.viskigabor.hu\/wp-content\/uploads\/2022\/07\/MagyarBajnoksag2022_01-e1659034906550.jpg","width":1490,"height":1490},{"@type":"BreadcrumbList","@id":"https:\/\/blog.viskigabor.hu\/?p=196#breadcrumb","itemListElement":[{"@type":"ListItem","position":1,"name":"Home","item":"https:\/\/blog.viskigabor.hu\/"},{"@type":"ListItem","position":2,"name":"Ez\u00fcst h\u00e9tv\u00e9ge a Masters Magyar Bajnoks\u00e1gon"}]},{"@type":"WebSite","@id":"https:\/\/blog.viskigabor.hu\/#website","url":"https:\/\/blog.viskigabor.hu\/","name":"Viski G\u00e1bor Albert","description":"kayaking is not my hobby, it\u2019s my passion!","potentialAction":[{"@type":"SearchAction","target":{"@type":"EntryPoint","urlTemplate":"https:\/\/blog.viskigabor.hu\/?s={search_term_string}"},"query-input":{"@type":"PropertyValueSpecification","valueRequired":true,"valueName":"search_term_string"}}],"inLanguage":"hu"},{"@type":"Person","@id":"https:\/\/blog.viskigabor.hu\/#\/schema\/person\/e0509c84790179b4a531483a2e5a2602","name":"viski.gabor","image":{"@type":"ImageObject","inLanguage":"hu","@id":"https:\/\/secure.gravatar.com\/avatar\/f311dcd6888a4c4e333b177103327b6533d49348dabcd734129ba954a68d54df?s=96&d=mm&r=g","url":"https:\/\/secure.gravatar.com\/avatar\/f311dcd6888a4c4e333b177103327b6533d49348dabcd734129ba954a68d54df?s=96&d=mm&r=g","contentUrl":"https:\/\/secure.gravatar.com\/avatar\/f311dcd6888a4c4e333b177103327b6533d49348dabcd734129ba954a68d54df?s=96&d=mm&r=g","caption":"viski.gabor"},"sameAs":["https:\/\/blog.viskigabor.hu"],"url":"https:\/\/blog.viskigabor.hu\/?author=1"}]}},"_links":{"self":[{"href":"https:\/\/blog.viskigabor.hu\/index.php?rest_route=\/wp\/v2\/posts\/196","targetHints":{"allow":["GET"]}}],"collection":[{"href":"https:\/\/blog.viskigabor.hu\/index.php?rest_route=\/wp\/v2\/posts"}],"about":[{"href":"https:\/\/blog.viskigabor.hu\/index.php?rest_route=\/wp\/v2\/types\/post"}],"author":[{"embeddable":true,"href":"https:\/\/blog.viskigabor.hu\/index.php?rest_route=\/wp\/v2\/users\/1"}],"replies":[{"embeddable":true,"href":"https:\/\/blog.viskigabor.hu\/index.php?rest_route=%2Fwp%2Fv2%2Fcomments&post=196"}],"version-history":[{"count":1,"href":"https:\/\/blog.viskigabor.hu\/index.php?rest_route=\/wp\/v2\/posts\/196\/revisions"}],"predecessor-version":[{"id":201,"href":"https:\/\/blog.viskigabor.hu\/index.php?rest_route=\/wp\/v2\/posts\/196\/revisions\/201"}],"wp:featuredmedia":[{"embeddable":true,"href":"https:\/\/blog.viskigabor.hu\/index.php?rest_route=\/wp\/v2\/media\/197"}],"wp:attachment":[{"href":"https:\/\/blog.viskigabor.hu\/index.php?rest_route=%2Fwp%2Fv2%2Fmedia&parent=196"}],"wp:term":[{"taxonomy":"category","embeddable":true,"href":"https:\/\/blog.viskigabor.hu\/index.php?rest_route=%2Fwp%2Fv2%2Fcategories&post=196"},{"taxonomy":"post_tag","embeddable":true,"href":"https:\/\/blog.viskigabor.hu\/index.php?rest_route=%2Fwp%2Fv2%2Ftags&post=196"}],"curies":[{"name":"wp","href":"https:\/\/api.w.org\/{rel}","templated":true}]}}